{"id":4882,"date":"2021-08-08T20:44:43","date_gmt":"2021-08-08T18:44:43","guid":{"rendered":"\/trg\/?p=4882"},"modified":"2021-08-26T16:23:04","modified_gmt":"2021-08-26T14:23:04","slug":"altmuehl-naab-und-regen-fliessen-der-donau-links-entgegen-passt-scho-wanderfahrt-vom-25-bis-31-juli-2021","status":"publish","type":"post","link":"\/trg\/2021\/altmuehl-naab-und-regen-fliessen-der-donau-links-entgegen-passt-scho-wanderfahrt-vom-25-bis-31-juli-2021\/","title":{"rendered":"Altm\u00fchl, Naab und Regen flie\u00dfen der Donau links entgegen\u2026 Passt scho!   (Wanderfahrt Rund um Regensburg vom 25. bis 31. Juli 2021)"},"content":{"rendered":"\n<figure class=\"wp-block-image size-large\"><img loading=\"lazy\" decoding=\"async\" width=\"1024\" height=\"768\" src=\"https:\/\/www.rudern-in-berlin.de\/trg\/wp-content\/uploads\/2021\/08\/IMG-20210807-WA0002-2-1024x768.jpg\" alt=\"\" class=\"wp-image-4891\" srcset=\"https:\/\/www.rudern-in-berlin.de\/trg\/wp-content\/uploads\/2021\/08\/IMG-20210807-WA0002-2-1024x768.jpg 1024w, https:\/\/www.rudern-in-berlin.de\/trg\/wp-content\/uploads\/2021\/08\/IMG-20210807-WA0002-2-300x225.jpg 300w, https:\/\/www.rudern-in-berlin.de\/trg\/wp-content\/uploads\/2021\/08\/IMG-20210807-WA0002-2-768x576.jpg 768w, https:\/\/www.rudern-in-berlin.de\/trg\/wp-content\/uploads\/2021\/08\/IMG-20210807-WA0002-2-1536x1153.jpg 1536w, https:\/\/www.rudern-in-berlin.de\/trg\/wp-content\/uploads\/2021\/08\/IMG-20210807-WA0002-2.jpg 1599w\" sizes=\"auto, (max-width: 1024px) 100vw, 1024px\" \/><\/figure>\n\n\n\n<p>&#8222;Immer eine Hand breit Wasser unterm Kiel!&#8220; w\u00fcnscht uns der Radler, der mit uns auf dem Campingplatz in Kipfenberg \u00fcbernachtet hat, als wir zu siebt unser drittes und letztes Boot &#8222;Luise&#8220;, einen gesteuerten Zweier, die steile, nicht f\u00fcr Ruderboote gemachte Treppe hinunter hiefen. Der weitere Zweier mit Stm. &#8222;Libelle&#8220; hat bereits abgelegt, der Dreier mit Stm. &#8222;Horst Domke&#8220; schwimmt, an der Bugleine festgemacht, in der leichten Str\u00f6mung der Altm\u00fchl und wartet auf seine Besatzung. &#8222;Danke, das k\u00f6nnen wir gut gebrauchen!&#8220; antworte ich dem Radler. Wir erkl\u00e4ren ihm, heute sei unser letzter Tag, es gehe bis Dietfurt. Die letzten drei Tage, an denen wir von Treuchtlingen startend \u00fcber 70 Kilometer auf der Altm\u00fchl erlebt und so manche Untiefe, gro\u00dfe Steine und quer liegende B\u00e4ume passiert hatten, hatte uns folgende Erkenntnis gebracht: Eine Rettungsweste braucht man auf der Altm\u00fchl nicht, man kann fast \u00fcberall stehen! Man kann nur froh sein, wenn das Boot \u00fcberall schwimmt! Nur vor den zahlreichen Wehren wird das Wasser tiefer. Ein Wehr bedeutet aber auch, die Boote an den oft mit steilen Treppen versehenen Kanuanlegestellen anlegen und umtragen zu m\u00fcssen. Jedes Umtragen kostete uns mit unseren drei Booten, die nur nacheinander anlegen konnten, locker 25 Minuten. Was die Dauer der jeweiligen Tagesetappe, besonders am zweiten Tag, mit f\u00fcnf offiziellen Umtragen und einer au\u00dferplanm\u00e4\u00dfigen, wegen Baustelle an einer Br\u00fccke, deutlich in die L\u00e4nge zog, sodass wir erst nach 19:00 Uhr unser Tagesziel erreichten und so das offizielle Einchecken des Campingplatzes verpassten, da dieser p\u00fcnktlich um 19:00 Uhr schloss.<\/p>\n\n\n\n<!--more-->\n\n\n\n<p><br>Wer Sven bucht, bucht Abenteuer! Das wissen wir Mitstreiterinnen aus Treptow, Katja, Martina, Heike und ich (Kerstin) und die Ratzeburger Vera, Peter, Lothar bereits aus den vergangenen Jahren in Polen oder Frankreich. Neu dabei sind Nicole und Annette, die letztes Jahr in Ratzeburg rudern gelernt haben. Sven ist ausw\u00e4rtiges Mitglied bei uns und Wanderruderwart in Ratzeburg. So haben beide Vereine in den letzten Jahren mehrere Urlaubswanderfahrten gemeinsam gemacht. Abenteuer bedeutete f\u00fcr uns wenig Str\u00f6mung Erfahrene in diesem Jahr, rudern auf der Donau, die besonders am Donaudurchbruch am Kloster Weltenburg und erst recht an der Steinernen Br\u00fccke in Regensburg sehr ordentlich str\u00f6mte.<\/p>\n\n\n\n<p><br>Die Naab wirkte anfangs zwar harmlos, aber je weiter wir hinauf ruderten und zwei Wehre hinter uns lie\u00dfen desto mehr Str\u00f6mung brachte sie uns entgegen. Wom\u00f6glich war auch die angesetzte Tagesetappe von \u00fcber 50 Kilometern etwas ambitioniert, was wir sp\u00e4testens merkten, als wir bei Dunkelheit endlich den Steg unserer Gastgeber in Regensburg wieder erreichten.<\/p>\n\n\n\n<p><br>Daf\u00fcr wurde am n\u00e4chsten Tag eine deutlich entspanntere Tour, mit Bootsgasse, wo wir das Boot durch einen str\u00f6menden Kanal treidelten, der City von Regensburg mit besagter Steinernen Br\u00fccke, anschlie\u00dfender Badestelle am Regen und Biergarten mit Blick auf die Altstadt geboten.<\/p>\n\n\n\n<p><br>Nach drei Tagen auf Donau, Naab und Regen sattelten wir die Boote dann erneut auf den H\u00e4nger und wechselten von unserer bisherigen Station an die Altm\u00fchl, einem wundersch\u00f6nen Kanugew\u00e4sser.<\/p>\n\n\n\n<p><br>&#8222;Wollt ihr denn gar nicht mehr rudern?&#8220; begr\u00fc\u00dft uns der junge Ruderkamerad des Ruderclub in Dietfurt an der Altm\u00fchl, der gerade mit seinem Skiff angelegt hatte und beim Aufr\u00e4umen der kurz zuvor herausgenommen Boote zu uns stie\u00df. Der 1. Ruderclub Altm\u00fchltal befindet sich am Main-Donau-Kanal, unmittelbar gegen\u00fcber der M\u00fcndung<br>der nicht schiffbaren Altm\u00fchl. Ungl\u00e4ubig lauscht er, als wir ihm erkl\u00e4ren, bereits mehrere Tage \u00fcber die Altm\u00fchl hergerudert zu sein. Kopfsch\u00fcttelnd begr\u00fc\u00dft er seinen Ruderkameraden, der gerade dazust\u00f6\u00dft, um uns in Empfang zu nehmen. &#8222;Wei\u00dft du, wo die gerudert sind? Auf der Altm\u00fchl!&#8220; &#8222;Auf der Altm\u00fchl kann man nicht rudern!&#8220; entgegnet dieser. Wir erfahren, dass dort selbst die Kanuten regelm\u00e4\u00dfig aussteigen, um ihre Boote \u00fcber die zahlreichen Untiefen zu schieben. Und er erz\u00e4hlt von den Stuttgartern, die vor Jahren trotz Warnung dort ruderten, ihren eigenen Vierer zerschrotteten und dann ein Boot vom Ruderclub geliehen haben wollten, was er selbstverst\u00e4ndlich abgelehnt habe.<\/p>\n\n\n\n<p><br>Wir haben gro\u00dfes Gl\u00fcck gehabt, dass der Wasserstand der Altm\u00fchl in diesem Jahr h\u00f6her war als sonst. Trotzdem sind wir an dem ein oder anderen Stein entlang geschrappst. Aber wie sagen die Bayern so sch\u00f6n: &#8222;Passt scho!&#8220;<\/p>\n\n\n\n<p><br>Danke Sven und alle Mitstreiter f\u00fcr eine unvergessliche Rudertour, die sauviel Spa\u00df gemacht hat!<\/p>\n\n\n\n<p>Fotoalbum:<\/p>\n\n\n\n<figure class=\"wp-block-image size-large\"><img loading=\"lazy\" decoding=\"async\" width=\"1024\" height=\"768\" src=\"https:\/\/www.rudern-in-berlin.de\/trg\/wp-content\/uploads\/2021\/08\/K1024_01-Ruderklub-Regensburg.jpg\" alt=\"\" class=\"wp-image-4895\" srcset=\"https:\/\/www.rudern-in-berlin.de\/trg\/wp-content\/uploads\/2021\/08\/K1024_01-Ruderklub-Regensburg.jpg 1024w, https:\/\/www.rudern-in-berlin.de\/trg\/wp-content\/uploads\/2021\/08\/K1024_01-Ruderklub-Regensburg-300x225.jpg 300w, https:\/\/www.rudern-in-berlin.de\/trg\/wp-content\/uploads\/2021\/08\/K1024_01-Ruderklub-Regensburg-768x576.jpg 768w\" sizes=\"auto, (max-width: 1024px) 100vw, 1024px\" \/><figcaption>Unsere Station in den ersten Tagen: Regensburger Ruder-Klub<\/figcaption><\/figure>\n\n\n\n<figure class=\"wp-block-image size-large\"><img loading=\"lazy\" decoding=\"async\" width=\"1024\" height=\"768\" src=\"https:\/\/www.rudern-in-berlin.de\/trg\/wp-content\/uploads\/2021\/08\/K1024_02-Einsetzstelle-Eining-Donau.jpg\" alt=\"\" class=\"wp-image-4896\" srcset=\"https:\/\/www.rudern-in-berlin.de\/trg\/wp-content\/uploads\/2021\/08\/K1024_02-Einsetzstelle-Eining-Donau.jpg 1024w, https:\/\/www.rudern-in-berlin.de\/trg\/wp-content\/uploads\/2021\/08\/K1024_02-Einsetzstelle-Eining-Donau-300x225.jpg 300w, https:\/\/www.rudern-in-berlin.de\/trg\/wp-content\/uploads\/2021\/08\/K1024_02-Einsetzstelle-Eining-Donau-768x576.jpg 768w\" sizes=\"auto, (max-width: 1024px) 100vw, 1024px\" \/><figcaption>Einsetzstelle Eining\/Donau &#8211; M\u00fcckenarlarm!!!<\/figcaption><\/figure>\n\n\n\n<figure class=\"wp-block-image size-large\"><img loading=\"lazy\" decoding=\"async\" width=\"1024\" height=\"768\" src=\"https:\/\/www.rudern-in-berlin.de\/trg\/wp-content\/uploads\/2021\/08\/K1024_03-Stopp-Kloster-Weltenburg.jpg\" alt=\"\" class=\"wp-image-4897\" srcset=\"https:\/\/www.rudern-in-berlin.de\/trg\/wp-content\/uploads\/2021\/08\/K1024_03-Stopp-Kloster-Weltenburg.jpg 1024w, https:\/\/www.rudern-in-berlin.de\/trg\/wp-content\/uploads\/2021\/08\/K1024_03-Stopp-Kloster-Weltenburg-300x225.jpg 300w, https:\/\/www.rudern-in-berlin.de\/trg\/wp-content\/uploads\/2021\/08\/K1024_03-Stopp-Kloster-Weltenburg-768x576.jpg 768w\" sizes=\"auto, (max-width: 1024px) 100vw, 1024px\" \/><figcaption>Pause am Kloster Weltenburg, kurz vor dem Donaudurchbruch.<\/figcaption><\/figure>\n\n\n\n<figure class=\"wp-block-image size-large\"><img loading=\"lazy\" decoding=\"async\" width=\"1024\" height=\"768\" src=\"https:\/\/www.rudern-in-berlin.de\/trg\/wp-content\/uploads\/2021\/08\/K1024_04-Bootsgasse-Abbach-Donau.jpg\" alt=\"\" class=\"wp-image-4898\" srcset=\"https:\/\/www.rudern-in-berlin.de\/trg\/wp-content\/uploads\/2021\/08\/K1024_04-Bootsgasse-Abbach-Donau.jpg 1024w, https:\/\/www.rudern-in-berlin.de\/trg\/wp-content\/uploads\/2021\/08\/K1024_04-Bootsgasse-Abbach-Donau-300x225.jpg 300w, https:\/\/www.rudern-in-berlin.de\/trg\/wp-content\/uploads\/2021\/08\/K1024_04-Bootsgasse-Abbach-Donau-768x576.jpg 768w\" sizes=\"auto, (max-width: 1024px) 100vw, 1024px\" \/><figcaption>Bootsgasse Abbach (Donau): Wir treideln.<\/figcaption><\/figure>\n\n\n\n<figure class=\"wp-block-image size-large\"><img loading=\"lazy\" decoding=\"async\" width=\"1024\" height=\"768\" src=\"https:\/\/www.rudern-in-berlin.de\/trg\/wp-content\/uploads\/2021\/08\/K1024_05-R\u00f6mer-auf-der-Naab.jpg\" alt=\"\" class=\"wp-image-4899\" srcset=\"https:\/\/www.rudern-in-berlin.de\/trg\/wp-content\/uploads\/2021\/08\/K1024_05-R\u00f6mer-auf-der-Naab.jpg 1024w, https:\/\/www.rudern-in-berlin.de\/trg\/wp-content\/uploads\/2021\/08\/K1024_05-R\u00f6mer-auf-der-Naab-300x225.jpg 300w, https:\/\/www.rudern-in-berlin.de\/trg\/wp-content\/uploads\/2021\/08\/K1024_05-R\u00f6mer-auf-der-Naab-768x576.jpg 768w\" sizes=\"auto, (max-width: 1024px) 100vw, 1024px\" \/><figcaption>&#8222;R\u00f6mer&#8220; auf der Naab!<\/figcaption><\/figure>\n\n\n\n<figure class=\"wp-block-image size-large\"><img loading=\"lazy\" decoding=\"async\" width=\"1024\" height=\"490\" src=\"https:\/\/www.rudern-in-berlin.de\/trg\/wp-content\/uploads\/2021\/08\/K1024_06-Rudern-Naab-1024x490.jpg\" alt=\"\" class=\"wp-image-4900\" srcset=\"https:\/\/www.rudern-in-berlin.de\/trg\/wp-content\/uploads\/2021\/08\/K1024_06-Rudern-Naab-1024x490.jpg 1024w, https:\/\/www.rudern-in-berlin.de\/trg\/wp-content\/uploads\/2021\/08\/K1024_06-Rudern-Naab-300x143.jpg 300w, https:\/\/www.rudern-in-berlin.de\/trg\/wp-content\/uploads\/2021\/08\/K1024_06-Rudern-Naab-768x367.jpg 768w, https:\/\/www.rudern-in-berlin.de\/trg\/wp-content\/uploads\/2021\/08\/K1024_06-Rudern-Naab-1536x734.jpg 1536w, https:\/\/www.rudern-in-berlin.de\/trg\/wp-content\/uploads\/2021\/08\/K1024_06-Rudern-Naab.jpg 1600w\" sizes=\"auto, (max-width: 1024px) 100vw, 1024px\" \/><figcaption>Auf der Naab.<\/figcaption><\/figure>\n\n\n\n<figure class=\"wp-block-image size-large\"><img loading=\"lazy\" decoding=\"async\" width=\"1024\" height=\"768\" src=\"https:\/\/www.rudern-in-berlin.de\/trg\/wp-content\/uploads\/2021\/08\/K1024_07-Kloster-Pielenhofen-an-der-Naab.jpg\" alt=\"\" class=\"wp-image-4901\" srcset=\"https:\/\/www.rudern-in-berlin.de\/trg\/wp-content\/uploads\/2021\/08\/K1024_07-Kloster-Pielenhofen-an-der-Naab.jpg 1024w, https:\/\/www.rudern-in-berlin.de\/trg\/wp-content\/uploads\/2021\/08\/K1024_07-Kloster-Pielenhofen-an-der-Naab-300x225.jpg 300w, https:\/\/www.rudern-in-berlin.de\/trg\/wp-content\/uploads\/2021\/08\/K1024_07-Kloster-Pielenhofen-an-der-Naab-768x576.jpg 768w\" sizes=\"auto, (max-width: 1024px) 100vw, 1024px\" \/><figcaption>Kloster Pielenhofen, direkt am Wehr (Naab).<\/figcaption><\/figure>\n\n\n\n<figure class=\"wp-block-image size-large\"><img loading=\"lazy\" decoding=\"async\" width=\"1024\" height=\"768\" src=\"https:\/\/www.rudern-in-berlin.de\/trg\/wp-content\/uploads\/2021\/08\/K1024_08-Wehr-Kallm\u00fcnz-an-der-Naab.jpg\" alt=\"\" class=\"wp-image-4902\" srcset=\"https:\/\/www.rudern-in-berlin.de\/trg\/wp-content\/uploads\/2021\/08\/K1024_08-Wehr-Kallm\u00fcnz-an-der-Naab.jpg 1024w, https:\/\/www.rudern-in-berlin.de\/trg\/wp-content\/uploads\/2021\/08\/K1024_08-Wehr-Kallm\u00fcnz-an-der-Naab-300x225.jpg 300w, https:\/\/www.rudern-in-berlin.de\/trg\/wp-content\/uploads\/2021\/08\/K1024_08-Wehr-Kallm\u00fcnz-an-der-Naab-768x576.jpg 768w\" sizes=\"auto, (max-width: 1024px) 100vw, 1024px\" \/><figcaption>Wehr Kallm\u00fcnz (Naab).<\/figcaption><\/figure>\n\n\n\n<figure class=\"wp-block-image size-large\"><img loading=\"lazy\" decoding=\"async\" width=\"1023\" height=\"768\" src=\"https:\/\/www.rudern-in-berlin.de\/trg\/wp-content\/uploads\/2021\/08\/K1024_09-Bootsgasse-Regensburg.jpg\" alt=\"\" class=\"wp-image-4903\" srcset=\"https:\/\/www.rudern-in-berlin.de\/trg\/wp-content\/uploads\/2021\/08\/K1024_09-Bootsgasse-Regensburg.jpg 1023w, https:\/\/www.rudern-in-berlin.de\/trg\/wp-content\/uploads\/2021\/08\/K1024_09-Bootsgasse-Regensburg-300x225.jpg 300w, https:\/\/www.rudern-in-berlin.de\/trg\/wp-content\/uploads\/2021\/08\/K1024_09-Bootsgasse-Regensburg-768x577.jpg 768w\" sizes=\"auto, (max-width: 1023px) 100vw, 1023px\" \/><figcaption>Bootsgasse Regensburg auf dem Donau-S\u00fcdarm. Auch hier haben wir getreidelt.<\/figcaption><\/figure>\n\n\n\n<figure class=\"wp-block-image size-large\"><img loading=\"lazy\" decoding=\"async\" width=\"1024\" height=\"768\" src=\"https:\/\/www.rudern-in-berlin.de\/trg\/wp-content\/uploads\/2021\/08\/K1024_10-Badestelle-am-Regen.jpg\" alt=\"\" class=\"wp-image-4904\" srcset=\"https:\/\/www.rudern-in-berlin.de\/trg\/wp-content\/uploads\/2021\/08\/K1024_10-Badestelle-am-Regen.jpg 1024w, https:\/\/www.rudern-in-berlin.de\/trg\/wp-content\/uploads\/2021\/08\/K1024_10-Badestelle-am-Regen-300x225.jpg 300w, https:\/\/www.rudern-in-berlin.de\/trg\/wp-content\/uploads\/2021\/08\/K1024_10-Badestelle-am-Regen-768x576.jpg 768w\" sizes=\"auto, (max-width: 1024px) 100vw, 1024px\" \/><figcaption>Badestelle Regen, am Wehr Pielm\u00fchle.<\/figcaption><\/figure>\n\n\n\n<figure class=\"wp-block-image size-large\"><img loading=\"lazy\" decoding=\"async\" width=\"1024\" height=\"768\" src=\"https:\/\/www.rudern-in-berlin.de\/trg\/wp-content\/uploads\/2021\/08\/K1024_11-Steinerne-Br\u00fccke-Regensburg-am-str\u00f6mungs\u00e4rmeren-Donauarm.jpg\" alt=\"\" class=\"wp-image-4905\" srcset=\"https:\/\/www.rudern-in-berlin.de\/trg\/wp-content\/uploads\/2021\/08\/K1024_11-Steinerne-Br\u00fccke-Regensburg-am-str\u00f6mungs\u00e4rmeren-Donauarm.jpg 1024w, https:\/\/www.rudern-in-berlin.de\/trg\/wp-content\/uploads\/2021\/08\/K1024_11-Steinerne-Br\u00fccke-Regensburg-am-str\u00f6mungs\u00e4rmeren-Donauarm-300x225.jpg 300w, https:\/\/www.rudern-in-berlin.de\/trg\/wp-content\/uploads\/2021\/08\/K1024_11-Steinerne-Br\u00fccke-Regensburg-am-str\u00f6mungs\u00e4rmeren-Donauarm-768x576.jpg 768w\" sizes=\"auto, (max-width: 1024px) 100vw, 1024px\" \/><figcaption>An der Steinernen Br\u00fccke. Blick von der Donauinsel auf die Altstadt Regensburg.<\/figcaption><\/figure>\n\n\n\n<figure class=\"wp-block-image size-large\"><img loading=\"lazy\" decoding=\"async\" width=\"1024\" height=\"768\" src=\"https:\/\/www.rudern-in-berlin.de\/trg\/wp-content\/uploads\/2021\/08\/K1024_12-Altm\u00fchl.jpg\" alt=\"\" class=\"wp-image-4906\" srcset=\"https:\/\/www.rudern-in-berlin.de\/trg\/wp-content\/uploads\/2021\/08\/K1024_12-Altm\u00fchl.jpg 1024w, https:\/\/www.rudern-in-berlin.de\/trg\/wp-content\/uploads\/2021\/08\/K1024_12-Altm\u00fchl-300x225.jpg 300w, https:\/\/www.rudern-in-berlin.de\/trg\/wp-content\/uploads\/2021\/08\/K1024_12-Altm\u00fchl-768x576.jpg 768w\" sizes=\"auto, (max-width: 1024px) 100vw, 1024px\" \/><figcaption>Altm\u00fchl, kurz hinter Treuchtlingen.<\/figcaption><\/figure>\n\n\n\n<figure class=\"wp-block-image size-large\"><img loading=\"lazy\" decoding=\"async\" width=\"769\" height=\"1024\" src=\"https:\/\/www.rudern-in-berlin.de\/trg\/wp-content\/uploads\/2021\/08\/K1024_13-Rudern-Altm\u00fchl.jpg\" alt=\"\" class=\"wp-image-4907\" srcset=\"https:\/\/www.rudern-in-berlin.de\/trg\/wp-content\/uploads\/2021\/08\/K1024_13-Rudern-Altm\u00fchl.jpg 769w, https:\/\/www.rudern-in-berlin.de\/trg\/wp-content\/uploads\/2021\/08\/K1024_13-Rudern-Altm\u00fchl-225x300.jpg 225w\" sizes=\"auto, (max-width: 769px) 100vw, 769px\" \/><figcaption>Rudern auf der Altm\u00fchl.<\/figcaption><\/figure>\n\n\n\n<figure class=\"wp-block-image size-large\"><img loading=\"lazy\" decoding=\"async\" width=\"1024\" height=\"768\" src=\"https:\/\/www.rudern-in-berlin.de\/trg\/wp-content\/uploads\/2021\/08\/K1024_14-Zeltplatz-Hammerm\u00fchle.jpg\" alt=\"\" class=\"wp-image-4908\" srcset=\"https:\/\/www.rudern-in-berlin.de\/trg\/wp-content\/uploads\/2021\/08\/K1024_14-Zeltplatz-Hammerm\u00fchle.jpg 1024w, https:\/\/www.rudern-in-berlin.de\/trg\/wp-content\/uploads\/2021\/08\/K1024_14-Zeltplatz-Hammerm\u00fchle-300x225.jpg 300w, https:\/\/www.rudern-in-berlin.de\/trg\/wp-content\/uploads\/2021\/08\/K1024_14-Zeltplatz-Hammerm\u00fchle-768x576.jpg 768w\" sizes=\"auto, (max-width: 1024px) 100vw, 1024px\" \/><figcaption>Zeltplatz Hammerm\u00fchle.<\/figcaption><\/figure>\n\n\n\n<figure class=\"wp-block-image size-large\"><img loading=\"lazy\" decoding=\"async\" width=\"1024\" height=\"489\" src=\"https:\/\/www.rudern-in-berlin.de\/trg\/wp-content\/uploads\/2021\/08\/K1024_15-Bootsrinne-Hammerm\u00fchle-1024x489.jpg\" alt=\"\" class=\"wp-image-4909\" srcset=\"https:\/\/www.rudern-in-berlin.de\/trg\/wp-content\/uploads\/2021\/08\/K1024_15-Bootsrinne-Hammerm\u00fchle-1024x489.jpg 1024w, https:\/\/www.rudern-in-berlin.de\/trg\/wp-content\/uploads\/2021\/08\/K1024_15-Bootsrinne-Hammerm\u00fchle-300x143.jpg 300w, https:\/\/www.rudern-in-berlin.de\/trg\/wp-content\/uploads\/2021\/08\/K1024_15-Bootsrinne-Hammerm\u00fchle-768x367.jpg 768w, https:\/\/www.rudern-in-berlin.de\/trg\/wp-content\/uploads\/2021\/08\/K1024_15-Bootsrinne-Hammerm\u00fchle-1536x733.jpg 1536w, https:\/\/www.rudern-in-berlin.de\/trg\/wp-content\/uploads\/2021\/08\/K1024_15-Bootsrinne-Hammerm\u00fchle.jpg 1600w\" sizes=\"auto, (max-width: 1024px) 100vw, 1024px\" \/><figcaption>Natursteinwehr Hammerm\u00fchle.<\/figcaption><\/figure>\n\n\n\n<figure class=\"wp-block-image size-large\"><img loading=\"lazy\" decoding=\"async\" width=\"1024\" height=\"768\" src=\"https:\/\/www.rudern-in-berlin.de\/trg\/wp-content\/uploads\/2021\/08\/K1024_16-Bootsrinne-Hammerm\u00fchle.jpg\" alt=\"\" class=\"wp-image-4910\" srcset=\"https:\/\/www.rudern-in-berlin.de\/trg\/wp-content\/uploads\/2021\/08\/K1024_16-Bootsrinne-Hammerm\u00fchle.jpg 1024w, https:\/\/www.rudern-in-berlin.de\/trg\/wp-content\/uploads\/2021\/08\/K1024_16-Bootsrinne-Hammerm\u00fchle-300x225.jpg 300w, https:\/\/www.rudern-in-berlin.de\/trg\/wp-content\/uploads\/2021\/08\/K1024_16-Bootsrinne-Hammerm\u00fchle-768x576.jpg 768w\" sizes=\"auto, (max-width: 1024px) 100vw, 1024px\" \/><figcaption>Bootsrutsche Natursteinwehr Hammerm\u00fchle &#8211; nur f\u00fcr ge\u00fcbte Kanuten!<\/figcaption><\/figure>\n\n\n\n<figure class=\"wp-block-image size-large\"><img loading=\"lazy\" decoding=\"async\" width=\"1024\" height=\"489\" src=\"https:\/\/www.rudern-in-berlin.de\/trg\/wp-content\/uploads\/2021\/08\/K1024_17-Bootsrinne-Hammerm\u00fchle-1024x489.jpg\" alt=\"\" class=\"wp-image-4911\" srcset=\"https:\/\/www.rudern-in-berlin.de\/trg\/wp-content\/uploads\/2021\/08\/K1024_17-Bootsrinne-Hammerm\u00fchle-1024x489.jpg 1024w, https:\/\/www.rudern-in-berlin.de\/trg\/wp-content\/uploads\/2021\/08\/K1024_17-Bootsrinne-Hammerm\u00fchle-300x143.jpg 300w, https:\/\/www.rudern-in-berlin.de\/trg\/wp-content\/uploads\/2021\/08\/K1024_17-Bootsrinne-Hammerm\u00fchle-768x367.jpg 768w, https:\/\/www.rudern-in-berlin.de\/trg\/wp-content\/uploads\/2021\/08\/K1024_17-Bootsrinne-Hammerm\u00fchle-1536x733.jpg 1536w, https:\/\/www.rudern-in-berlin.de\/trg\/wp-content\/uploads\/2021\/08\/K1024_17-Bootsrinne-Hammerm\u00fchle.jpg 1600w\" sizes=\"auto, (max-width: 1024px) 100vw, 1024px\" \/><figcaption>Einsetzstelle Hammerm\u00fchle. Die Treppen sind mit Ruderboot etwas beschwerlich. Und die noch folgenden Umtragestellen sehen alle so aus!<\/figcaption><\/figure>\n\n\n\n<figure class=\"wp-block-image size-large\"><img loading=\"lazy\" decoding=\"async\" width=\"1024\" height=\"768\" src=\"https:\/\/www.rudern-in-berlin.de\/trg\/wp-content\/uploads\/2021\/08\/K1024_18-Aussicht-Altm\u00fchl.jpg\" alt=\"\" class=\"wp-image-4912\" srcset=\"https:\/\/www.rudern-in-berlin.de\/trg\/wp-content\/uploads\/2021\/08\/K1024_18-Aussicht-Altm\u00fchl.jpg 1024w, https:\/\/www.rudern-in-berlin.de\/trg\/wp-content\/uploads\/2021\/08\/K1024_18-Aussicht-Altm\u00fchl-300x225.jpg 300w, https:\/\/www.rudern-in-berlin.de\/trg\/wp-content\/uploads\/2021\/08\/K1024_18-Aussicht-Altm\u00fchl-768x576.jpg 768w\" sizes=\"auto, (max-width: 1024px) 100vw, 1024px\" \/><figcaption>Rudern auf der Altm\u00fchl.<\/figcaption><\/figure>\n\n\n\n<figure class=\"wp-block-image size-large\"><img loading=\"lazy\" decoding=\"async\" width=\"1024\" height=\"489\" src=\"https:\/\/www.rudern-in-berlin.de\/trg\/wp-content\/uploads\/2021\/08\/K1024_19-Rudern-Altm\u00fchl-1024x489.jpg\" alt=\"\" class=\"wp-image-4913\" srcset=\"https:\/\/www.rudern-in-berlin.de\/trg\/wp-content\/uploads\/2021\/08\/K1024_19-Rudern-Altm\u00fchl-1024x489.jpg 1024w, https:\/\/www.rudern-in-berlin.de\/trg\/wp-content\/uploads\/2021\/08\/K1024_19-Rudern-Altm\u00fchl-300x143.jpg 300w, https:\/\/www.rudern-in-berlin.de\/trg\/wp-content\/uploads\/2021\/08\/K1024_19-Rudern-Altm\u00fchl-768x367.jpg 768w, https:\/\/www.rudern-in-berlin.de\/trg\/wp-content\/uploads\/2021\/08\/K1024_19-Rudern-Altm\u00fchl-1536x733.jpg 1536w, https:\/\/www.rudern-in-berlin.de\/trg\/wp-content\/uploads\/2021\/08\/K1024_19-Rudern-Altm\u00fchl.jpg 1600w\" sizes=\"auto, (max-width: 1024px) 100vw, 1024px\" \/><figcaption>Und wieder Alm\u00fclhl.<\/figcaption><\/figure>\n\n\n\n<figure class=\"wp-block-image size-large\"><img loading=\"lazy\" decoding=\"async\" width=\"1024\" height=\"490\" src=\"https:\/\/www.rudern-in-berlin.de\/trg\/wp-content\/uploads\/2021\/08\/K1024_20-Wehr-Altm\u00fchl-1024x490.jpg\" alt=\"\" class=\"wp-image-4914\" srcset=\"https:\/\/www.rudern-in-berlin.de\/trg\/wp-content\/uploads\/2021\/08\/K1024_20-Wehr-Altm\u00fchl-1024x490.jpg 1024w, https:\/\/www.rudern-in-berlin.de\/trg\/wp-content\/uploads\/2021\/08\/K1024_20-Wehr-Altm\u00fchl-300x143.jpg 300w, https:\/\/www.rudern-in-berlin.de\/trg\/wp-content\/uploads\/2021\/08\/K1024_20-Wehr-Altm\u00fchl-768x367.jpg 768w, https:\/\/www.rudern-in-berlin.de\/trg\/wp-content\/uploads\/2021\/08\/K1024_20-Wehr-Altm\u00fchl-1536x734.jpg 1536w, https:\/\/www.rudern-in-berlin.de\/trg\/wp-content\/uploads\/2021\/08\/K1024_20-Wehr-Altm\u00fchl.jpg 1600w\" sizes=\"auto, (max-width: 1024px) 100vw, 1024px\" \/><figcaption>Ein Wehr auf der Altm\u00fchl.<\/figcaption><\/figure>\n\n\n\n<figure class=\"wp-block-image size-large\"><img loading=\"lazy\" decoding=\"async\" width=\"1024\" height=\"768\" src=\"https:\/\/www.rudern-in-berlin.de\/trg\/wp-content\/uploads\/2021\/08\/K1024_21-Teilstrecke-Altm\u00fchl.jpg\" alt=\"\" class=\"wp-image-4915\" srcset=\"https:\/\/www.rudern-in-berlin.de\/trg\/wp-content\/uploads\/2021\/08\/K1024_21-Teilstrecke-Altm\u00fchl.jpg 1024w, https:\/\/www.rudern-in-berlin.de\/trg\/wp-content\/uploads\/2021\/08\/K1024_21-Teilstrecke-Altm\u00fchl-300x225.jpg 300w, https:\/\/www.rudern-in-berlin.de\/trg\/wp-content\/uploads\/2021\/08\/K1024_21-Teilstrecke-Altm\u00fchl-768x576.jpg 768w\" sizes=\"auto, (max-width: 1024px) 100vw, 1024px\" \/><figcaption>Ein Ausschnitt der Strecke.<\/figcaption><\/figure>\n\n\n\n<figure class=\"wp-block-image size-large\"><img loading=\"lazy\" decoding=\"async\" width=\"1024\" height=\"768\" src=\"https:\/\/www.rudern-in-berlin.de\/trg\/wp-content\/uploads\/2021\/08\/K1024_22-Abschlie\u00dfender-Bootsputz.jpg\" alt=\"\" class=\"wp-image-4916\" srcset=\"https:\/\/www.rudern-in-berlin.de\/trg\/wp-content\/uploads\/2021\/08\/K1024_22-Abschlie\u00dfender-Bootsputz.jpg 1024w, https:\/\/www.rudern-in-berlin.de\/trg\/wp-content\/uploads\/2021\/08\/K1024_22-Abschlie\u00dfender-Bootsputz-300x225.jpg 300w, https:\/\/www.rudern-in-berlin.de\/trg\/wp-content\/uploads\/2021\/08\/K1024_22-Abschlie\u00dfender-Bootsputz-768x576.jpg 768w\" sizes=\"auto, (max-width: 1024px) 100vw, 1024px\" \/><figcaption>Abschlie\u00dfendes Boote putzen beim 1. Ruderclub Altm\u00fchltal.<\/figcaption><\/figure>\n\n\n\n<p>Kerstin D.<\/p>\n","protected":false},"excerpt":{"rendered":"<p>&#8222;Immer eine Hand breit Wasser unterm Kiel!&#8220; w\u00fcnscht uns der Radler, der mit uns auf dem Campingplatz in Kipfenberg \u00fcbernachtet hat, als wir zu siebt unser drittes und letztes Boot &#8222;Luise&#8220;, einen gesteuerten Zweier, die steile, nicht f\u00fcr Ruderboote gemachte &hellip; <a href=\"\/trg\/2021\/altmuehl-naab-und-regen-fliessen-der-donau-links-entgegen-passt-scho-wanderfahrt-vom-25-bis-31-juli-2021\/\">Weiterlesen <span class=\"meta-nav\">&rarr;<\/span><\/a><\/p>\n","protected":false},"author":2,"featured_media":0,"comment_status":"closed","ping_status":"closed","sticky":false,"template":"","format":"standard","meta":{"ngg_post_thumbnail":0,"footnotes":""},"categories":[10],"tags":[165,162,163,164,161,111,138],"class_list":["post-4882","post","type-post","status-publish","format-standard","hentry","category-wanderrudern","tag-altmuehl","tag-donau","tag-naab","tag-regen","tag-regensburg","tag-wanderfahrt","tag-wanderrudern"],"_links":{"self":[{"href":"\/trg\/wp-json\/wp\/v2\/posts\/4882","targetHints":{"allow":["GET"]}}],"collection":[{"href":"\/trg\/wp-json\/wp\/v2\/posts"}],"about":[{"href":"\/trg\/wp-json\/wp\/v2\/types\/post"}],"author":[{"embeddable":true,"href":"\/trg\/wp-json\/wp\/v2\/users\/2"}],"replies":[{"embeddable":true,"href":"\/trg\/wp-json\/wp\/v2\/comments?post=4882"}],"version-history":[{"count":25,"href":"\/trg\/wp-json\/wp\/v2\/posts\/4882\/revisions"}],"predecessor-version":[{"id":4938,"href":"\/trg\/wp-json\/wp\/v2\/posts\/4882\/revisions\/4938"}],"wp:attachment":[{"href":"\/trg\/wp-json\/wp\/v2\/media?parent=4882"}],"wp:term":[{"taxonomy":"category","embeddable":true,"href":"\/trg\/wp-json\/wp\/v2\/categories?post=4882"},{"taxonomy":"post_tag","embeddable":true,"href":"\/trg\/wp-json\/wp\/v2\/tags?post=4882"}],"curies":[{"name":"wp","href":"https:\/\/api.w.org\/{rel}","templated":true}]}}